{"id":1346,"date":"2025-02-28T19:05:26","date_gmt":"2025-02-28T18:05:26","guid":{"rendered":"https:\/\/beplano.it\/entretien-daffaires-sur-la-coherence\/"},"modified":"2025-03-06T17:47:50","modified_gmt":"2025-03-06T16:47:50","slug":"entretien-daffaires-sur-la-coherence","status":"publish","type":"post","link":"https:\/\/beplano.it\/fr\/entretien-daffaires-sur-la-coherence\/","title":{"rendered":"Entretien d&rsquo;affaires sur la coh\u00e9rence"},"content":{"rendered":"\n<p>Hier soir s&rsquo;est tenu le premier <strong>Coherence<\/strong> <em>Business Talk<\/em>, un \u00e9v\u00e9nement consacr\u00e9 \u00e0 l&rsquo;importance de la <strong>coh\u00e9rence dans le monde des affaires<\/strong>. La soir\u00e9e a d\u00e9but\u00e9 par une r\u00e9flexion sur une question cruciale pour les entrepreneurs d&rsquo;aujourd&rsquo;hui : \u00e0 quel point il est essentiel de rester fid\u00e8le \u00e0 sa propre vision, sans se laisser influencer par des mod\u00e8les d\u00e9pass\u00e9s ou des exemples de r\u00e9ussite en apparence, mais en r\u00e9alit\u00e9 mal adapt\u00e9s \u00e0 son propre contexte.<\/p>\n\n<p>Lors du d\u00e9bat, des entrepreneurs et des professionnels ont discut\u00e9 de l&rsquo;importance pour les entreprises d&rsquo;\u00e9laborer des strat\u00e9gies sur mesure, fond\u00e9es sur des valeurs authentiques et des objectifs concrets, plut\u00f4t que de suivre des voies standardis\u00e9es ou planifi\u00e9es \u00e0 l&rsquo;avance.<\/p>\n\n<p>Le dialogue a mis en \u00e9vidence la n\u00e9cessit\u00e9 d&rsquo;une approche plus consciente de la gestion d&rsquo;entreprise : \u00eatre coh\u00e9rent signifie non seulement aligner la vision et l&rsquo;action, mais aussi s&rsquo;adapter au changement sans d\u00e9naturer son identit\u00e9. Les participants ont partag\u00e9 leurs exp\u00e9riences, leurs points de vue et leurs meilleures pratiques, faisant de cette r\u00e9union un moment de croissance et d&rsquo;inspiration pour toutes les personnes pr\u00e9sentes.<\/p>\n\n<p><\/p>\n\n<p><\/p>\n\n<figure class=\"wp-block-image size-large is-resized\"><img loading=\"lazy\" decoding=\"async\" width=\"821\" height=\"1024\" src=\"https:\/\/beplano.it\/wp-content\/uploads\/2025\/02\/WhatsApp-Image-2025-02-28-at-08.54.29-821x1024.jpeg\" alt=\"Beplano | The House of Brands\" class=\"wp-image-583\" style=\"width:649px;height:auto\" srcset=\"https:\/\/beplano.it\/wp-content\/uploads\/2025\/02\/WhatsApp-Image-2025-02-28-at-08.54.29-821x1024.jpeg 821w, https:\/\/beplano.it\/wp-content\/uploads\/2025\/02\/WhatsApp-Image-2025-02-28-at-08.54.29-241x300.jpeg 241w, https:\/\/beplano.it\/wp-content\/uploads\/2025\/02\/WhatsApp-Image-2025-02-28-at-08.54.29-768x958.jpeg 768w, https:\/\/beplano.it\/wp-content\/uploads\/2025\/02\/WhatsApp-Image-2025-02-28-at-08.54.29-1232x1536.jpeg 1232w, https:\/\/beplano.it\/wp-content\/uploads\/2025\/02\/WhatsApp-Image-2025-02-28-at-08.54.29-1642x2048.jpeg 1642w\" sizes=\"auto, (max-width: 821px) 100vw, 821px\" \/><\/figure>\n\n<p><\/p>\n\n<p><\/p>\n\n<p>Cet \u00e9v\u00e9nement n&rsquo;\u00e9tait que le d\u00e9but d&rsquo;une \u00e9tude approfondie qui se poursuivra dans les mois \u00e0 venir. Le deuxi\u00e8me chapitre de <em>Coherence Business Talk<\/em> est d\u00e9j\u00e0 programm\u00e9 pour le <strong>27 mars \u00e0 18h30<\/strong> dans l&rsquo;<em>espace Valemus<\/em>.  <\/p>\n\n<p>Restez \u00e0 l&rsquo;\u00e9coute pour d&rsquo;autres mises \u00e0 jour et de nouvelles perspectives !<\/p>\n","protected":false},"excerpt":{"rendered":"<p>Hier soir s&rsquo;est tenu le premier Coherence Business Talk, un \u00e9v\u00e9nement consacr\u00e9 \u00e0 l&rsquo;importance de la coh\u00e9rence dans le monde des affaires. La soir\u00e9e a d\u00e9but\u00e9 par une r\u00e9flexion sur une question cruciale pour les entrepreneurs d&rsquo;aujourd&rsquo;hui : \u00e0 quel point il est essentiel de rester fid\u00e8le \u00e0 sa propre vision, sans se laisser influencer [&#8230;]<\/p>\n<p><a class=\"btn btn-secondary understrap-read-more-link\" href=\"https:\/\/beplano.it\/fr\/entretien-daffaires-sur-la-coherence\/\">Read More&#8230;<span class=\"screen-reader-text\"> from Entretien d&rsquo;affaires sur la coh\u00e9rence<\/span><\/a><\/p>\n","protected":false},"author":4,"featured_media":1307,"comment_status":"closed","ping_status":"open","sticky":false,"template":"","format":"standard","meta":{"_acf_changed":false,"inline_featured_image":false,"footnotes":""},"categories":[10],"tags":[],"class_list":["post-1346","post","type-post","status-publish","format-standard","has-post-thumbnail","hentry","category-non-categorise"],"acf":[],"_links":{"self":[{"href":"https:\/\/beplano.it\/fr\/wp-json\/wp\/v2\/posts\/1346","targetHints":{"allow":["GET"]}}],"collection":[{"href":"https:\/\/beplano.it\/fr\/wp-json\/wp\/v2\/posts"}],"about":[{"href":"https:\/\/beplano.it\/fr\/wp-json\/wp\/v2\/types\/post"}],"author":[{"embeddable":true,"href":"https:\/\/beplano.it\/fr\/wp-json\/wp\/v2\/users\/4"}],"replies":[{"embeddable":true,"href":"https:\/\/beplano.it\/fr\/wp-json\/wp\/v2\/comments?post=1346"}],"version-history":[{"count":1,"href":"https:\/\/beplano.it\/fr\/wp-json\/wp\/v2\/posts\/1346\/revisions"}],"predecessor-version":[{"id":1348,"href":"https:\/\/beplano.it\/fr\/wp-json\/wp\/v2\/posts\/1346\/revisions\/1348"}],"wp:featuredmedia":[{"embeddable":true,"href":"https:\/\/beplano.it\/fr\/wp-json\/wp\/v2\/media\/1307"}],"wp:attachment":[{"href":"https:\/\/beplano.it\/fr\/wp-json\/wp\/v2\/media?parent=1346"}],"wp:term":[{"taxonomy":"category","embeddable":true,"href":"https:\/\/beplano.it\/fr\/wp-json\/wp\/v2\/categories?post=1346"},{"taxonomy":"post_tag","embeddable":true,"href":"https:\/\/beplano.it\/fr\/wp-json\/wp\/v2\/tags?post=1346"}],"curies":[{"name":"wp","href":"https:\/\/api.w.org\/{rel}","templated":true}]}}