{"id":1349,"date":"2024-06-01T11:03:21","date_gmt":"2024-06-01T10:03:21","guid":{"rendered":"https:\/\/beplano.it\/antistatus-un-jour-dont-nous-nous-souviendrons\/"},"modified":"2025-03-06T17:47:51","modified_gmt":"2025-03-06T16:47:51","slug":"antistatus-un-jour-dont-nous-nous-souviendrons","status":"publish","type":"post","link":"https:\/\/beplano.it\/fr\/antistatus-un-jour-dont-nous-nous-souviendrons\/","title":{"rendered":"Antistatus : un jour dont nous nous souviendrons"},"content":{"rendered":"\n<p>Le 31 mai 2024 restera \u00e0 jamais une date particuli\u00e8re pour notre entreprise.  <br\/>Ce jour-l\u00e0, nous avons eu l&rsquo;honneur d&rsquo;organiser un \u00e9v\u00e9nement extraordinaire, accueillant plus de 400 personnes pour c\u00e9l\u00e9brer la valeur des relations, le courage entrepreneurial et l&rsquo;innovation.<\/p>\n\n<p>L&rsquo;\u00e9nergie du Spazio Fase, la beaut\u00e9 d&rsquo;un public attentif et impliqu\u00e9, la puissance des histoires racont\u00e9es : tout a contribu\u00e9 \u00e0 cr\u00e9er une atmosph\u00e8re unique, o\u00f9 le pass\u00e9, le pr\u00e9sent et l&rsquo;avenir se sont entrelac\u00e9s dans un dialogue continu. C&rsquo;est l&rsquo;aboutissement d&rsquo;un long parcours d&rsquo;engagement, de vision et de collaboration.<\/p>\n\n<p>Nous remercions tout particuli\u00e8rement la famille Soliveri qui nous a fait confiance : trouver des entrepreneurs clairvoyants et \u00e9volu\u00e9s rend notre travail riche en satisfactions.  <br\/>Nous avons ouvert une fen\u00eatre sur l&rsquo;avenir, en renfor\u00e7ant un r\u00e9seau d&rsquo;id\u00e9es et de valeurs qui continueront \u00e0 nous inspirer dans les projets \u00e0 venir.<\/p>\n\n<p>ANTISTATUS n&rsquo;\u00e9tait pas seulement un \u00e9v\u00e9nement, mais un manifeste de ce que nous sommes et de ce que nous voulons devenir. Nous regardons vers l&rsquo;avenir, conscients que chaque \u00e9tape franchie n&rsquo;est que le d\u00e9but d&rsquo;une nouvelle grande aventure.<\/p>\n","protected":false},"excerpt":{"rendered":"<p>Le 31 mai 2024 restera \u00e0 jamais une date particuli\u00e8re pour notre entreprise. Ce jour-l\u00e0, nous avons eu l&rsquo;honneur d&rsquo;organiser un \u00e9v\u00e9nement extraordinaire, accueillant plus de 400 personnes pour c\u00e9l\u00e9brer la valeur des relations, le courage entrepreneurial et l&rsquo;innovation. L&rsquo;\u00e9nergie du Spazio Fase, la beaut\u00e9 d&rsquo;un public attentif et impliqu\u00e9, la puissance des histoires racont\u00e9es [&#8230;]<\/p>\n<p><a class=\"btn btn-secondary understrap-read-more-link\" href=\"https:\/\/beplano.it\/fr\/antistatus-un-jour-dont-nous-nous-souviendrons\/\">Read More&#8230;<span class=\"screen-reader-text\"> from Antistatus : un jour dont nous nous souviendrons<\/span><\/a><\/p>\n","protected":false},"author":2,"featured_media":773,"comment_status":"closed","ping_status":"open","sticky":false,"template":"","format":"standard","meta":{"_acf_changed":false,"inline_featured_image":false,"footnotes":""},"categories":[10],"tags":[],"class_list":["post-1349","post","type-post","status-publish","format-standard","has-post-thumbnail","hentry","category-non-categorise"],"acf":[],"_links":{"self":[{"href":"https:\/\/beplano.it\/fr\/wp-json\/wp\/v2\/posts\/1349","targetHints":{"allow":["GET"]}}],"collection":[{"href":"https:\/\/beplano.it\/fr\/wp-json\/wp\/v2\/posts"}],"about":[{"href":"https:\/\/beplano.it\/fr\/wp-json\/wp\/v2\/types\/post"}],"author":[{"embeddable":true,"href":"https:\/\/beplano.it\/fr\/wp-json\/wp\/v2\/users\/2"}],"replies":[{"embeddable":true,"href":"https:\/\/beplano.it\/fr\/wp-json\/wp\/v2\/comments?post=1349"}],"version-history":[{"count":1,"href":"https:\/\/beplano.it\/fr\/wp-json\/wp\/v2\/posts\/1349\/revisions"}],"predecessor-version":[{"id":1351,"href":"https:\/\/beplano.it\/fr\/wp-json\/wp\/v2\/posts\/1349\/revisions\/1351"}],"wp:featuredmedia":[{"embeddable":true,"href":"https:\/\/beplano.it\/fr\/wp-json\/wp\/v2\/media\/773"}],"wp:attachment":[{"href":"https:\/\/beplano.it\/fr\/wp-json\/wp\/v2\/media?parent=1349"}],"wp:term":[{"taxonomy":"category","embeddable":true,"href":"https:\/\/beplano.it\/fr\/wp-json\/wp\/v2\/categories?post=1349"},{"taxonomy":"post_tag","embeddable":true,"href":"https:\/\/beplano.it\/fr\/wp-json\/wp\/v2\/tags?post=1349"}],"curies":[{"name":"wp","href":"https:\/\/api.w.org\/{rel}","templated":true}]}}