{"id":1422,"date":"2025-05-09T09:02:37","date_gmt":"2025-05-09T08:02:37","guid":{"rendered":"https:\/\/beplano.it\/entretien-daffaires-sur-la-coherence-2\/"},"modified":"2025-05-09T09:11:11","modified_gmt":"2025-05-09T08:11:11","slug":"entretien-daffaires-sur-la-coherence-2","status":"publish","type":"post","link":"https:\/\/beplano.it\/fr\/entretien-daffaires-sur-la-coherence-2\/","title":{"rendered":"Entretien d&rsquo;affaires sur la coh\u00e9rence"},"content":{"rendered":"\n<p>Dans le deuxi\u00e8me chapitre de Coherence Business Talk, l&rsquo;importance d&rsquo;une <strong>narration coh\u00e9rente<\/strong> en tant qu&rsquo;atout strat\u00e9gique a \u00e9t\u00e9 abord\u00e9e.<\/p>\n\n<p>Des entrepreneurs, des professionnels et des innovateurs ont discut\u00e9 de la mani\u00e8re de communiquer une identit\u00e9 d&rsquo;entreprise authentique, capable de g\u00e9n\u00e9rer de la confiance \u00e0 l&rsquo;ext\u00e9rieur et un sentiment d&rsquo;appartenance au sein de l&rsquo;\u00e9quipe. Les histoires et les dialogues partag\u00e9s ont fait ressortir l&rsquo;importance d&rsquo;une narration align\u00e9e sur les valeurs et les objectifs de l&rsquo;entreprise, capable de renforcer l&rsquo;identit\u00e9 et la strat\u00e9gie. <\/p>\n\n<p>La r\u00e9union a offert aux participants l&rsquo;inspiration et les meilleures pratiques pour transformer la communication en un v\u00e9ritable moteur de croissance et de diff\u00e9renciation.<\/p>\n\n<figure class=\"wp-block-image size-large\"><img loading=\"lazy\" decoding=\"async\" width=\"682\" height=\"1024\" src=\"https:\/\/beplano.it\/wp-content\/uploads\/2025\/05\/16.04-682x1024.jpg\" alt=\"Beplano | The House of Brands\" class=\"wp-image-1413\" srcset=\"https:\/\/beplano.it\/wp-content\/uploads\/2025\/05\/16.04-682x1024.jpg 682w, https:\/\/beplano.it\/wp-content\/uploads\/2025\/05\/16.04-200x300.jpg 200w, https:\/\/beplano.it\/wp-content\/uploads\/2025\/05\/16.04-768x1153.jpg 768w, https:\/\/beplano.it\/wp-content\/uploads\/2025\/05\/16.04-1023x1536.jpg 1023w, https:\/\/beplano.it\/wp-content\/uploads\/2025\/05\/16.04-1364x2048.jpg 1364w, https:\/\/beplano.it\/wp-content\/uploads\/2025\/05\/16.04-scaled.jpg 1704w\" sizes=\"auto, (max-width: 682px) 100vw, 682px\" \/><\/figure>\n","protected":false},"excerpt":{"rendered":"<p>Dans le deuxi\u00e8me chapitre de Coherence Business Talk, l&rsquo;importance d&rsquo;une narration coh\u00e9rente en tant qu&rsquo;atout strat\u00e9gique a \u00e9t\u00e9 abord\u00e9e. Des entrepreneurs, des professionnels et des innovateurs ont discut\u00e9 de la mani\u00e8re de communiquer une identit\u00e9 d&rsquo;entreprise authentique, capable de g\u00e9n\u00e9rer de la confiance \u00e0 l&rsquo;ext\u00e9rieur et un sentiment d&rsquo;appartenance au sein de l&rsquo;\u00e9quipe. Les histoires [&#8230;]<\/p>\n<p><a class=\"btn btn-secondary understrap-read-more-link\" href=\"https:\/\/beplano.it\/fr\/entretien-daffaires-sur-la-coherence-2\/\">Read More&#8230;<span class=\"screen-reader-text\"> from Entretien d&rsquo;affaires sur la coh\u00e9rence<\/span><\/a><\/p>\n","protected":false},"author":3,"featured_media":1447,"comment_status":"closed","ping_status":"open","sticky":false,"template":"","format":"standard","meta":{"_acf_changed":false,"inline_featured_image":false,"footnotes":""},"categories":[10],"tags":[],"class_list":["post-1422","post","type-post","status-publish","format-standard","has-post-thumbnail","hentry","category-non-categorise"],"acf":[],"_links":{"self":[{"href":"https:\/\/beplano.it\/fr\/wp-json\/wp\/v2\/posts\/1422","targetHints":{"allow":["GET"]}}],"collection":[{"href":"https:\/\/beplano.it\/fr\/wp-json\/wp\/v2\/posts"}],"about":[{"href":"https:\/\/beplano.it\/fr\/wp-json\/wp\/v2\/types\/post"}],"author":[{"embeddable":true,"href":"https:\/\/beplano.it\/fr\/wp-json\/wp\/v2\/users\/3"}],"replies":[{"embeddable":true,"href":"https:\/\/beplano.it\/fr\/wp-json\/wp\/v2\/comments?post=1422"}],"version-history":[{"count":1,"href":"https:\/\/beplano.it\/fr\/wp-json\/wp\/v2\/posts\/1422\/revisions"}],"predecessor-version":[{"id":1423,"href":"https:\/\/beplano.it\/fr\/wp-json\/wp\/v2\/posts\/1422\/revisions\/1423"}],"wp:featuredmedia":[{"embeddable":true,"href":"https:\/\/beplano.it\/fr\/wp-json\/wp\/v2\/media\/1447"}],"wp:attachment":[{"href":"https:\/\/beplano.it\/fr\/wp-json\/wp\/v2\/media?parent=1422"}],"wp:term":[{"taxonomy":"category","embeddable":true,"href":"https:\/\/beplano.it\/fr\/wp-json\/wp\/v2\/categories?post=1422"},{"taxonomy":"post_tag","embeddable":true,"href":"https:\/\/beplano.it\/fr\/wp-json\/wp\/v2\/tags?post=1422"}],"curies":[{"name":"wp","href":"https:\/\/api.w.org\/{rel}","templated":true}]}}