{"id":1437,"date":"2025-04-17T09:04:56","date_gmt":"2025-04-17T08:04:56","guid":{"rendered":"https:\/\/beplano.it\/entretien-daffaires-sur-la-coherence-3\/"},"modified":"2025-05-09T09:07:53","modified_gmt":"2025-05-09T08:07:53","slug":"entretien-daffaires-sur-la-coherence-3","status":"publish","type":"post","link":"https:\/\/beplano.it\/fr\/entretien-daffaires-sur-la-coherence-3\/","title":{"rendered":"Entretien d&rsquo;affaires sur la coh\u00e9rence"},"content":{"rendered":"\n<p>Dans le troisi\u00e8me et dernier chapitre de Coherence Business Talk, des entrepreneurs et des professionnels ont discut\u00e9 de l&rsquo;<strong>impact des lieux de travail<\/strong> sur le bien-\u00eatre des personnes et des entreprises.<br\/><br\/>La r\u00e9union a mis en \u00e9vidence la mani\u00e8re dont des espaces con\u00e7us pour les personnes qui y vivent au quotidien peuvent am\u00e9liorer la qualit\u00e9 de la vie professionnelle, favoriser la collaboration et renforcer une culture d&rsquo;entreprise partag\u00e9e. Les t\u00e9moignages et les contributions qui en ont r\u00e9sult\u00e9 ont offert de nouvelles cl\u00e9s de compr\u00e9hension et des stimuli pratiques sur la fa\u00e7on de transformer les environnements de travail en v\u00e9ritables leviers strat\u00e9giques pour le bien-\u00eatre et la croissance organisationnelle. <\/p>\n\n<figure class=\"wp-block-image size-large\"><img loading=\"lazy\" decoding=\"async\" width=\"683\" height=\"1024\" src=\"https:\/\/beplano.it\/wp-content\/uploads\/2025\/05\/IMG_2756_MOD-683x1024.jpg\" alt=\"Beplano | The House of Brands\" class=\"wp-image-1425\" srcset=\"https:\/\/beplano.it\/wp-content\/uploads\/2025\/05\/IMG_2756_MOD-683x1024.jpg 683w, https:\/\/beplano.it\/wp-content\/uploads\/2025\/05\/IMG_2756_MOD-200x300.jpg 200w, https:\/\/beplano.it\/wp-content\/uploads\/2025\/05\/IMG_2756_MOD-768x1152.jpg 768w, https:\/\/beplano.it\/wp-content\/uploads\/2025\/05\/IMG_2756_MOD-1024x1536.jpg 1024w, https:\/\/beplano.it\/wp-content\/uploads\/2025\/05\/IMG_2756_MOD-1365x2048.jpg 1365w, https:\/\/beplano.it\/wp-content\/uploads\/2025\/05\/IMG_2756_MOD-scaled.jpg 1707w\" sizes=\"auto, (max-width: 683px) 100vw, 683px\" \/><\/figure>\n","protected":false},"excerpt":{"rendered":"<p>Dans le troisi\u00e8me et dernier chapitre de Coherence Business Talk, des entrepreneurs et des professionnels ont discut\u00e9 de l&rsquo;impact des lieux de travail sur le bien-\u00eatre des personnes et des entreprises. La r\u00e9union a mis en \u00e9vidence la mani\u00e8re dont des espaces con\u00e7us pour les personnes qui y vivent au quotidien peuvent am\u00e9liorer la qualit\u00e9 [&#8230;]<\/p>\n<p><a class=\"btn btn-secondary understrap-read-more-link\" href=\"https:\/\/beplano.it\/fr\/entretien-daffaires-sur-la-coherence-3\/\">Read More&#8230;<span class=\"screen-reader-text\"> from Entretien d&rsquo;affaires sur la coh\u00e9rence<\/span><\/a><\/p>\n","protected":false},"author":3,"featured_media":1432,"comment_status":"closed","ping_status":"open","sticky":false,"template":"","format":"standard","meta":{"_acf_changed":false,"inline_featured_image":false,"footnotes":""},"categories":[10],"tags":[],"class_list":["post-1437","post","type-post","status-publish","format-standard","has-post-thumbnail","hentry","category-non-categorise"],"acf":[],"_links":{"self":[{"href":"https:\/\/beplano.it\/fr\/wp-json\/wp\/v2\/posts\/1437","targetHints":{"allow":["GET"]}}],"collection":[{"href":"https:\/\/beplano.it\/fr\/wp-json\/wp\/v2\/posts"}],"about":[{"href":"https:\/\/beplano.it\/fr\/wp-json\/wp\/v2\/types\/post"}],"author":[{"embeddable":true,"href":"https:\/\/beplano.it\/fr\/wp-json\/wp\/v2\/users\/3"}],"replies":[{"embeddable":true,"href":"https:\/\/beplano.it\/fr\/wp-json\/wp\/v2\/comments?post=1437"}],"version-history":[{"count":2,"href":"https:\/\/beplano.it\/fr\/wp-json\/wp\/v2\/posts\/1437\/revisions"}],"predecessor-version":[{"id":1443,"href":"https:\/\/beplano.it\/fr\/wp-json\/wp\/v2\/posts\/1437\/revisions\/1443"}],"wp:featuredmedia":[{"embeddable":true,"href":"https:\/\/beplano.it\/fr\/wp-json\/wp\/v2\/media\/1432"}],"wp:attachment":[{"href":"https:\/\/beplano.it\/fr\/wp-json\/wp\/v2\/media?parent=1437"}],"wp:term":[{"taxonomy":"category","embeddable":true,"href":"https:\/\/beplano.it\/fr\/wp-json\/wp\/v2\/categories?post=1437"},{"taxonomy":"post_tag","embeddable":true,"href":"https:\/\/beplano.it\/fr\/wp-json\/wp\/v2\/tags?post=1437"}],"curies":[{"name":"wp","href":"https:\/\/api.w.org\/{rel}","templated":true}]}}