{"id":1803,"date":"2026-01-27T15:32:12","date_gmt":"2026-01-27T14:32:12","guid":{"rendered":"https:\/\/beplano.it\/take-off-les-entreprises-et-les-idees-prennent-leur-envol\/"},"modified":"2026-01-27T16:41:07","modified_gmt":"2026-01-27T15:41:07","slug":"take-off-les-entreprises-et-les-idees-prennent-leur-envol","status":"publish","type":"post","link":"https:\/\/beplano.it\/fr\/take-off-les-entreprises-et-les-idees-prennent-leur-envol\/","title":{"rendered":"TAKE OFF | Les entreprises et les id\u00e9es prennent leur envol"},"content":{"rendered":"\n<p><\/p>\n\n<p>Une s\u00e9rie de trois r\u00e9unions exp\u00e9rientielles organis\u00e9es dans le nouvel espace corporatif de l&rsquo;a\u00e9roport BEPLANO, con\u00e7u comme un site d&rsquo;atterrissage et de d\u00e9collage pour les id\u00e9es, les visions et les relations.<\/p>\n\n<p>Chaque \u00e9v\u00e9nement explore un moteur de croissance diff\u00e9rent pour les entreprises &#8211; la cr\u00e9ativit\u00e9, l&rsquo;intelligence, l&rsquo;identit\u00e9 &#8211; en faisant dialoguer l&rsquo;entreprise, l&rsquo;art et la culture. Il ne s&rsquo;agit pas de conf\u00e9rences traditionnelles, mais de moments d&rsquo;inspiration et de confrontation, o\u00f9 les entreprises sont les protagonistes. <\/p>\n\n<hr class=\"wp-block-separator has-alpha-channel-opacity\"\/>\n\n<p>Les trois r\u00e9unions<\/p>\n\n<p><strong>26 f\u00e9vrier &#8211; TAKE OFF \/ SPACE<\/strong><\/p>\n\n<p>Installations, art et culture comme moteurs de la transformation des entreprises<\/p>\n\n<p>Comment l&rsquo;espace, l&rsquo;art et les installations culturelles peuvent renforcer l&rsquo;identit\u00e9 d&rsquo;une entreprise, g\u00e9n\u00e9rer une valeur symbolique et cr\u00e9er des liens entre les personnes et la marque.<\/p>\n\n<p>Les espaces ne sont pas des contenants, mais des activateurs de vision.<\/p>\n\n<p><strong>19 mars &#8211; TAKE OFF \/ INTELLIGENCE<\/strong><\/p>\n\n<p>Intelligence humaine, intelligence artificielle, art et empathie : l&rsquo;\u00e9volution de notre monde<\/p>\n\n<p>Une discussion ouverte sur l&rsquo;IA et la cr\u00e9ativit\u00e9, le r\u00f4le de l&#8217;empathie dans les entreprises et ce qui reste humain et indispensable.<\/p>\n\n<p>L&rsquo;innovation la plus puissante provient de l&rsquo;\u00e9quilibre entre la technologie et la sensibilit\u00e9 \u00e9motionnelle.<\/p>\n\n<p><strong>23 avril &#8211; D\u00e9collage \/ Heure<\/strong><\/p>\n\n<p>La valeur de la c\u00e9l\u00e9bration : anniversaires, \u00e9tapes importantes et m\u00e9moire de l&rsquo;entreprise<\/p>\n\n<p>Car la c\u00e9l\u00e9bration est un levier strat\u00e9gique, et non nostalgique : elle renforce l&rsquo;identit\u00e9 et l&rsquo;appartenance, elle raconte le pass\u00e9 pour construire l&rsquo;avenir, elle transforme les r\u00e9ussites en histoires.<\/p>\n\n<p>Une entreprise qui sait faire la f\u00eate sait aussi \u00e9voluer.<\/p>\n\n<hr class=\"wp-block-separator has-alpha-channel-opacity\"\/>\n\n<p>Envoyez un e-mail \u00e0 <a href=\"mailto:experience@beplano.it\" target=\"_blank\" rel=\"noreferrer noopener\">experience@beplano.it<\/a> pour r\u00e9server votre place.<\/p>\n\n<p><\/p>\n","protected":false},"excerpt":{"rendered":"<p>Une s\u00e9rie de trois r\u00e9unions exp\u00e9rientielles organis\u00e9es dans le nouvel espace corporatif de l&rsquo;a\u00e9roport BEPLANO, con\u00e7u comme un site d&rsquo;atterrissage et de d\u00e9collage pour les id\u00e9es, les visions et les relations. Chaque \u00e9v\u00e9nement explore un moteur de croissance diff\u00e9rent pour les entreprises &#8211; la cr\u00e9ativit\u00e9, l&rsquo;intelligence, l&rsquo;identit\u00e9 &#8211; en faisant dialoguer l&rsquo;entreprise, l&rsquo;art et la [&#8230;]<\/p>\n<p><a class=\"btn btn-secondary understrap-read-more-link\" href=\"https:\/\/beplano.it\/fr\/take-off-les-entreprises-et-les-idees-prennent-leur-envol\/\">Read More&#8230;<span class=\"screen-reader-text\"> from TAKE OFF | Les entreprises et les id\u00e9es prennent leur envol<\/span><\/a><\/p>\n","protected":false},"author":6,"featured_media":1815,"comment_status":"closed","ping_status":"open","sticky":false,"template":"","format":"standard","meta":{"_acf_changed":false,"inline_featured_image":false,"footnotes":""},"categories":[10],"tags":[],"class_list":["post-1803","post","type-post","status-publish","format-standard","has-post-thumbnail","hentry","category-non-categorise"],"acf":[],"_links":{"self":[{"href":"https:\/\/beplano.it\/fr\/wp-json\/wp\/v2\/posts\/1803","targetHints":{"allow":["GET"]}}],"collection":[{"href":"https:\/\/beplano.it\/fr\/wp-json\/wp\/v2\/posts"}],"about":[{"href":"https:\/\/beplano.it\/fr\/wp-json\/wp\/v2\/types\/post"}],"author":[{"embeddable":true,"href":"https:\/\/beplano.it\/fr\/wp-json\/wp\/v2\/users\/6"}],"replies":[{"embeddable":true,"href":"https:\/\/beplano.it\/fr\/wp-json\/wp\/v2\/comments?post=1803"}],"version-history":[{"count":3,"href":"https:\/\/beplano.it\/fr\/wp-json\/wp\/v2\/posts\/1803\/revisions"}],"predecessor-version":[{"id":1818,"href":"https:\/\/beplano.it\/fr\/wp-json\/wp\/v2\/posts\/1803\/revisions\/1818"}],"wp:featuredmedia":[{"embeddable":true,"href":"https:\/\/beplano.it\/fr\/wp-json\/wp\/v2\/media\/1815"}],"wp:attachment":[{"href":"https:\/\/beplano.it\/fr\/wp-json\/wp\/v2\/media?parent=1803"}],"wp:term":[{"taxonomy":"category","embeddable":true,"href":"https:\/\/beplano.it\/fr\/wp-json\/wp\/v2\/categories?post=1803"},{"taxonomy":"post_tag","embeddable":true,"href":"https:\/\/beplano.it\/fr\/wp-json\/wp\/v2\/tags?post=1803"}],"curies":[{"name":"wp","href":"https:\/\/api.w.org\/{rel}","templated":true}]}}